{"id":3017,"date":"2020-09-26T23:28:08","date_gmt":"2020-09-26T21:28:08","guid":{"rendered":"https:\/\/www.autismejongekind.nl\/?p=3017"},"modified":"2020-11-11T11:07:24","modified_gmt":"2020-11-11T10:07:24","slug":"tv-serie-het-a-woord-vroeg-herkennen-van-autisme-bij-jong-kind-belangrijk-voor-prognose-en-behandeling","status":"publish","type":"post","link":"https:\/\/www.autismejongekind.nl\/en\/tv-serie-het-a-woord-vroeg-herkennen-van-autisme-bij-jong-kind-belangrijk-voor-prognose-en-behandeling\/","title":{"rendered":"Tv-serie &#8216;Het A-woord&#8217;: vroeg herkennen van autisme bij kind belangrijk voor prognose en behandeling"},"content":{"rendered":"<p><b>In september en oktober zond de EO de nieuwe serie \u2018Het A-woord\u2019 uit. In deze serie voeden Mari\u00ebl en haar man Teun hun zoon Sam (6 jaar) op. Sam vertoont kenmerken van autisme. De serie geeft een inkijkje in de strubbelingen, ontkenningen en onzekerheden waar ouders tegenaan lopen als de eerste kenmerken van autisme bij hun kind zichtbaar worden.<\/b> <b>Ondanks de goedbedoelde adviezen vanuit de omgeving bagatelliseren de ouders in de eerste aflevering de signalen van autisme (ASS) bij hun kind. <\/b><span style=\"font-weight: 400;\"><br \/>\n<\/span><span style=\"font-weight: 400;\"><br \/>\n<\/span>Ouders van een kind met (mogelijk) autisme zullen veel herkennen in deze serie. Bijvoorbeeld de goedbedoelde maar pijnlijke opmerkingen en adviezen van familie en kennissen. Maar ook de lange wachtlijsten als je hulp zoekt. Met het A-Woord wil de EO laten zien hoe zwaar en ingewikkeld het kan zijn als je kind autisme heeft. Dit gebeurt in de serie op een prettige en lichtvoetige manier m\u00e9t de nodige humor.<\/p>\n<p>In de serie draait alles om de 6-jarige Sam, die gek is op muziek. Thuis loopt hij de hele dag rond met een enorme koptelefoon op zijn hoofd, vrijwel onbereikbaar voor zijn omgeving. Omdat hij ontelbare liedjes uit zijn hoofd kent, noemen zijn ouders hem lange tijd liefkozend \u2018ons wonderkind\u2019. Maar al gauw draait het in de familie maar om \u00e9\u00e9n vraag: wat is er toch aan de hand met Sam? Moeder Mari\u00ebl wil niet aan een diagnose, uit angst voor een stigma. Al snel wordt duidelijk dat ze behoorlijk wat vooroordelen over autisme heeft. Terwijl juist een vroege diagnose voor zowel ouder als kind veel leed kan besparen.<span style=\"font-weight: 400;\"><br \/>\n<\/span><span style=\"font-weight: 400;\"><br \/>\n<\/span><\/p>\n<h2>Autisme op jonge leeftijd<span style=\"font-weight: 400;\"><br \/>\n<\/span><\/h2>\n<p>Iemand die dat zelf heeft ervaren is Tamara Hendrikse. De diagnose autisme bij haar dochter Kyra op driejarige leeftijd veranderde het leven van haar en haar man totaal. Tamara: \u201cMaar achteraf zijn we z\u00f3 blij dat we bij de eerste signalen <a href=\"https:\/\/www.autismejongekind.nl\/en\/inspiratie\/toen-we-signalen-van-autisme-merkten-zijn-we-gelijk-in-de-actiestand-geschoten\/\">in de actiestand zijn geschoten<\/a>. Nieuwsgierig keek ik naar de eerste aflevering van het A-Woord. Zou er herkenning zijn? Ja en nee. Mooi werd in beeld gebracht hoe een familie worstelt met de twijfels over het &#8216;anders zijn\u2019 van hun zoon. De onenigheid tussen de ouders, de ontkenning, maar ook de onzekerheid over de meningen van de buitenwereld. Allemaal dingen die wij herkennen als ouders van een kind met ASS. Het liefst wil je je kind gewoon beschermen, hem lekker zichzelf laten zijn.\u201d<\/p>\n<p>\u201cMaar toch.. Eigenlijk vind ik het ook vreemd dat in deze situatie er pas zo laat wordt opgemerkt dat de zoon kenmerken van autisme laat zien. Hij is tenslotte al zes jaar en zit op school. Hoe kan het dat er nooit eerder iemand aan de bel heeft getrokken? Dit is waarschijnlijk een scenario wat veelvuldig voorkomt in de realiteit, waar pas actie wordt ondernomen als een kind al onderwijs volgt en er problemen ontstaan. Voor mijzelf als ouder niet herkenbaar, omdat er al op jonge leeftijd een diagnose bij ons kind is gesteld. Hiermee ben je al veel eerder bewust bezig met het kiezen van de juiste stappen, begeleiding en ondersteuning van je kind.\u201d<\/p>\n<p>De serie geeft goed weer wat de impact van de zorgen rondom een kind met autisme kan zijn voor een gezin, een familie. Heel mooi ook dat er op deze manier aandacht wordt gegeven aan dit onderwerp, een stukje (h)erkenning voor ouders en betrokkenen.\u201d<\/p>\n<h2>Vroege herkenning cruciaal<\/h2>\n<p>Vroege herkenning van autisme is van groot belang voor een goede prognose en betere behandeling vindt ook Martine van Dongen-Boomsma, leidinggevende bij het Centrum Jonge Kind Karakter Universitair Centrum in <a href=\"https:\/\/www.nd.nl\/nieuws\/nederland\/993252\/autisme-al-opmerken-op-peuterleeftijd-is-cruciaal\" target=\"_blank\" rel=\"noopener noreferrer\">het Nederlands Dagblad<\/a> van 21 september. Kinderen tussen 0 en 6 jaar kunnen hier terecht voor diagnose en behandeling van autisme. \u201cAl op babyleeftijd kunnen er signalen zijn die wijzen op autisme. Als een kind voor de eerste verjaardag bijvoorbeeld niet naar anderen lacht, niet brabbelt of geen gebaren maakt, is dat een goede reden voor verder onderzoek. Het invullen van een <a href=\"https:\/\/www.autismejongekind.nl\/en\/cosos\/\">CoSos vragenlijst<\/a> kan een goede eerste stap zijn.\u201d<\/p>\n<h2>Positief be\u00efnvloeden van ontwikkeling kind<\/h2>\n<p><b><\/b>Meestal krijgen kinderen pas op kleuterleeftijd of zelfs nog veel later passende begeleiding. Martine: \u201cDat is te laat, want juist bij baby\u2019s en peuters is het brein nog heel flexibel, en dus het meest ontvankelijk voor een positieve be\u00efnvloeding van de ontwikkeling. Bovendien is vroegherkenning van belang voor de ouder-kind relatie en de psychische gezondheid van de ouders.\u201d<\/p>\n<p>Volgens Martine kan soms al rond de leeftijd van twee jaar de diagnose gesteld worden. \u201cEn zelfs al jonger dan twee jaar, zonder offici\u00eble diagnose, kunnen deskundigen al een belangrijke bijdrage leveren om de ontwikkeling te stimuleren als de situatie daarom vraagt. Het is dus erg belangrijk dat <a href=\"https:\/\/www.autismejongekind.nl\/en\/professionals\/\">professionals<\/a> zoals een jeugdarts op het consultatiebureau maar bijvoorbeeld ook de leidster van een kinderdagverblijf of peuterspeelzaal alert zijn op de eerste signalen van autisme. Het is van groot belang dat professionals een scherp oog ontwikkelen voor risicosignalen van de kinderen waarmee ze werken en ouders advies kunnen geven om hun kind door te verwijzen voor nader onderzoek. Hoe eerder je begint met de behandeling, hoe beter de prognose is.\u201d<\/p>\n<p>Heb je zorgen over jouw kind? Vul de CoSos vragenlijst in.<\/p>\n<p style=\"text-align: left;\"><a style=\"box-shadow: inset 0px 0px 0px 0px #fce2c1; background: -moz-linear-gradient( center top, #ffc477 5%, #fb9e25 100% ); filter: progid; background-color: #71cc98; border-radius: 6px; border: 2px solid #71CC98; display: inline-block; color: #ffffff; font-family: arial; font-size: 15px; font-weight: bold; padding: 6px 24px; text-decoration: none;\" href=\"https:\/\/www.autismejongekind.nl\/en\/cosos-esat-questionnaire\/\">Ga naar de CoSos vragenlijst &gt;&gt;<\/a><\/p>\n<p><b><br \/>\nDe serie is inmiddels afgelopen. De afleveringen zijn terug te zien op <a href=\"https:\/\/www.npostart.nl\/het-a-woord\/VPWON_1290564\" target=\"_blank\" rel=\"noopener noreferrer\">NPO Start<\/a>. Bekijk hieronder de trailer.\u00a0<\/b><\/p>\n<p>&nbsp;<\/p>\n<p><iframe loading=\"lazy\" src=\"https:\/\/www.youtube.com\/embed\/c-QQXBrSyzg\" width=\"560\" height=\"315\" frameborder=\"0\" allowfullscreen=\"allowfullscreen\"><\/iframe><\/p>","protected":false},"excerpt":{"rendered":"<p>In september en oktober zond de EO de nieuwe serie \u2018Het A-woord\u2019 uit. In deze serie voeden Mari\u00ebl en haar man Teun hun zoon Sam (6 jaar) op. Sam vertoont kenmerken van autisme. De serie geeft een inkijkje in de strubbelingen, ontkenningen en onzekerheden waar ouders tegenaan lopen als de eerste kenmerken van autisme bij [&hellip;]<\/p>\n","protected":false},"author":27,"featured_media":3040,"comment_status":"open","ping_status":"closed","sticky":false,"template":"","format":"standard","meta":{"_acf_changed":false,"footnotes":""},"tags":[],"class_list":["post-3017","post","type-post","status-publish","format-standard","has-post-thumbnail","hentry","category-voor-ouders-aan-te-vullen-bij-berichtencategorie"],"acf":[],"yoast_head":"<!-- This site is optimized with the Yoast SEO plugin v27.3 - https:\/\/yoast.com\/product\/yoast-seo-wordpress\/ -->\n<title>Tv-serie &#039;Het A-woord&#039;: vroeg herkennen van autisme bij kind belangrijk voor prognose en behandeling - Autisme Jonge Kind<\/title>\n<meta name=\"description\" content=\"Heb je na de serie het A-woord twijfels over de ontwikkeling van je kind? Wil je weten welke kenmerken bij autisme horen? Vul de gratis CoSos vragenlijst in. Je krijgt advies over de vervolgstappen die je kunt nemen.\" \/>\n<meta name=\"robots\" content=\"index, follow, max-snippet:-1, max-image-preview:large, max-video-preview:-1\" \/>\n<link rel=\"canonical\" href=\"https:\/\/www.autismejongekind.nl\/en\/tv-serie-het-a-woord-vroeg-herkennen-van-autisme-bij-jong-kind-belangrijk-voor-prognose-en-behandeling\/\" \/>\n<meta property=\"og:locale\" content=\"en_GB\" \/>\n<meta property=\"og:type\" content=\"article\" \/>\n<meta property=\"og:title\" content=\"Tv-serie &#039;Het A-woord&#039;: vroeg herkennen van autisme bij kind belangrijk voor prognose en behandeling - Autisme Jonge Kind\" \/>\n<meta property=\"og:description\" content=\"Heb je na de serie het A-woord twijfels over de ontwikkeling van je kind? Wil je weten welke kenmerken bij autisme horen? Vul de gratis CoSos vragenlijst in. Je krijgt advies over de vervolgstappen die je kunt nemen.\" \/>\n<meta property=\"og:url\" content=\"https:\/\/www.autismejongekind.nl\/en\/tv-serie-het-a-woord-vroeg-herkennen-van-autisme-bij-jong-kind-belangrijk-voor-prognose-en-behandeling\/\" \/>\n<meta property=\"og:site_name\" content=\"Autisme Jonge Kind\" \/>\n<meta property=\"article:published_time\" content=\"2020-09-26T21:28:08+00:00\" \/>\n<meta property=\"article:modified_time\" content=\"2020-11-11T10:07:24+00:00\" \/>\n<meta property=\"og:image\" content=\"https:\/\/www.autismejongekind.nl\/wp-content\/uploads\/2020\/09\/Het-A-Woord.jpg\" \/>\n\t<meta property=\"og:image:width\" content=\"1024\" \/>\n\t<meta property=\"og:image:height\" content=\"683\" \/>\n\t<meta property=\"og:image:type\" content=\"image\/jpeg\" \/>\n<meta name=\"author\" content=\"Ineke\" \/>\n<meta name=\"twitter:card\" content=\"summary_large_image\" \/>\n<meta name=\"twitter:label1\" content=\"Written by\" \/>\n\t<meta name=\"twitter:data1\" content=\"Ineke\" \/>\n\t<meta name=\"twitter:label2\" content=\"Estimated reading time\" \/>\n\t<meta name=\"twitter:data2\" content=\"4 minutes\" \/>\n<script type=\"application\/ld+json\" class=\"yoast-schema-graph\">{\"@context\":\"https:\\\/\\\/schema.org\",\"@graph\":[{\"@type\":\"Article\",\"@id\":\"https:\\\/\\\/www.autismejongekind.nl\\\/tv-serie-het-a-woord-vroeg-herkennen-van-autisme-bij-jong-kind-belangrijk-voor-prognose-en-behandeling\\\/#article\",\"isPartOf\":{\"@id\":\"https:\\\/\\\/www.autismejongekind.nl\\\/tv-serie-het-a-woord-vroeg-herkennen-van-autisme-bij-jong-kind-belangrijk-voor-prognose-en-behandeling\\\/\"},\"author\":{\"name\":\"Ineke\",\"@id\":\"https:\\\/\\\/www.autismejongekind.nl\\\/#\\\/schema\\\/person\\\/94f8ac87026e1eef5a4c751ef80aaf66\"},\"headline\":\"Tv-serie &#8216;Het A-woord&#8217;: vroeg herkennen van autisme bij kind belangrijk voor prognose en behandeling\",\"datePublished\":\"2020-09-26T21:28:08+00:00\",\"dateModified\":\"2020-11-11T10:07:24+00:00\",\"mainEntityOfPage\":{\"@id\":\"https:\\\/\\\/www.autismejongekind.nl\\\/tv-serie-het-a-woord-vroeg-herkennen-van-autisme-bij-jong-kind-belangrijk-voor-prognose-en-behandeling\\\/\"},\"wordCount\":885,\"commentCount\":0,\"image\":{\"@id\":\"https:\\\/\\\/www.autismejongekind.nl\\\/tv-serie-het-a-woord-vroeg-herkennen-van-autisme-bij-jong-kind-belangrijk-voor-prognose-en-behandeling\\\/#primaryimage\"},\"thumbnailUrl\":\"https:\\\/\\\/www.autismejongekind.nl\\\/wp-content\\\/uploads\\\/2020\\\/09\\\/Het-A-Woord.jpg\",\"articleSection\":[\"Voor ouders\"],\"inLanguage\":\"en-GB\",\"potentialAction\":[{\"@type\":\"CommentAction\",\"name\":\"Comment\",\"target\":[\"https:\\\/\\\/www.autismejongekind.nl\\\/tv-serie-het-a-woord-vroeg-herkennen-van-autisme-bij-jong-kind-belangrijk-voor-prognose-en-behandeling\\\/#respond\"]}]},{\"@type\":\"WebPage\",\"@id\":\"https:\\\/\\\/www.autismejongekind.nl\\\/tv-serie-het-a-woord-vroeg-herkennen-van-autisme-bij-jong-kind-belangrijk-voor-prognose-en-behandeling\\\/\",\"url\":\"https:\\\/\\\/www.autismejongekind.nl\\\/tv-serie-het-a-woord-vroeg-herkennen-van-autisme-bij-jong-kind-belangrijk-voor-prognose-en-behandeling\\\/\",\"name\":\"Tv-serie 'Het A-woord': vroeg herkennen van autisme bij kind belangrijk voor prognose en behandeling - Autisme Jonge Kind\",\"isPartOf\":{\"@id\":\"https:\\\/\\\/www.autismejongekind.nl\\\/#website\"},\"primaryImageOfPage\":{\"@id\":\"https:\\\/\\\/www.autismejongekind.nl\\\/tv-serie-het-a-woord-vroeg-herkennen-van-autisme-bij-jong-kind-belangrijk-voor-prognose-en-behandeling\\\/#primaryimage\"},\"image\":{\"@id\":\"https:\\\/\\\/www.autismejongekind.nl\\\/tv-serie-het-a-woord-vroeg-herkennen-van-autisme-bij-jong-kind-belangrijk-voor-prognose-en-behandeling\\\/#primaryimage\"},\"thumbnailUrl\":\"https:\\\/\\\/www.autismejongekind.nl\\\/wp-content\\\/uploads\\\/2020\\\/09\\\/Het-A-Woord.jpg\",\"datePublished\":\"2020-09-26T21:28:08+00:00\",\"dateModified\":\"2020-11-11T10:07:24+00:00\",\"author\":{\"@id\":\"https:\\\/\\\/www.autismejongekind.nl\\\/#\\\/schema\\\/person\\\/94f8ac87026e1eef5a4c751ef80aaf66\"},\"description\":\"Heb je na de serie het A-woord twijfels over de ontwikkeling van je kind? Wil je weten welke kenmerken bij autisme horen? Vul de gratis CoSos vragenlijst in. Je krijgt advies over de vervolgstappen die je kunt nemen.\",\"breadcrumb\":{\"@id\":\"https:\\\/\\\/www.autismejongekind.nl\\\/tv-serie-het-a-woord-vroeg-herkennen-van-autisme-bij-jong-kind-belangrijk-voor-prognose-en-behandeling\\\/#breadcrumb\"},\"inLanguage\":\"en-GB\",\"potentialAction\":[{\"@type\":\"ReadAction\",\"target\":[\"https:\\\/\\\/www.autismejongekind.nl\\\/tv-serie-het-a-woord-vroeg-herkennen-van-autisme-bij-jong-kind-belangrijk-voor-prognose-en-behandeling\\\/\"]}]},{\"@type\":\"ImageObject\",\"inLanguage\":\"en-GB\",\"@id\":\"https:\\\/\\\/www.autismejongekind.nl\\\/tv-serie-het-a-woord-vroeg-herkennen-van-autisme-bij-jong-kind-belangrijk-voor-prognose-en-behandeling\\\/#primaryimage\",\"url\":\"https:\\\/\\\/www.autismejongekind.nl\\\/wp-content\\\/uploads\\\/2020\\\/09\\\/Het-A-Woord.jpg\",\"contentUrl\":\"https:\\\/\\\/www.autismejongekind.nl\\\/wp-content\\\/uploads\\\/2020\\\/09\\\/Het-A-Woord.jpg\",\"width\":1024,\"height\":683},{\"@type\":\"BreadcrumbList\",\"@id\":\"https:\\\/\\\/www.autismejongekind.nl\\\/tv-serie-het-a-woord-vroeg-herkennen-van-autisme-bij-jong-kind-belangrijk-voor-prognose-en-behandeling\\\/#breadcrumb\",\"itemListElement\":[{\"@type\":\"ListItem\",\"position\":1,\"name\":\"Home\",\"item\":\"https:\\\/\\\/www.autismejongekind.nl\\\/\"},{\"@type\":\"ListItem\",\"position\":2,\"name\":\"Tv-serie &#8216;Het A-woord&#8217;: vroeg herkennen van autisme bij kind belangrijk voor prognose en behandeling\"}]},{\"@type\":\"WebSite\",\"@id\":\"https:\\\/\\\/www.autismejongekind.nl\\\/#website\",\"url\":\"https:\\\/\\\/www.autismejongekind.nl\\\/\",\"name\":\"Autisme Jonge Kind\",\"description\":\"\",\"potentialAction\":[{\"@type\":\"SearchAction\",\"target\":{\"@type\":\"EntryPoint\",\"urlTemplate\":\"https:\\\/\\\/www.autismejongekind.nl\\\/?s={search_term_string}\"},\"query-input\":{\"@type\":\"PropertyValueSpecification\",\"valueRequired\":true,\"valueName\":\"search_term_string\"}}],\"inLanguage\":\"en-GB\"},{\"@type\":\"Person\",\"@id\":\"https:\\\/\\\/www.autismejongekind.nl\\\/#\\\/schema\\\/person\\\/94f8ac87026e1eef5a4c751ef80aaf66\",\"name\":\"Ineke\",\"image\":{\"@type\":\"ImageObject\",\"inLanguage\":\"en-GB\",\"@id\":\"https:\\\/\\\/secure.gravatar.com\\\/avatar\\\/9ce5714a903eda4fbe61425816af944132302ef8e5d6597c6233c482cfd06865?s=96&d=mm&r=g\",\"url\":\"https:\\\/\\\/secure.gravatar.com\\\/avatar\\\/9ce5714a903eda4fbe61425816af944132302ef8e5d6597c6233c482cfd06865?s=96&d=mm&r=g\",\"contentUrl\":\"https:\\\/\\\/secure.gravatar.com\\\/avatar\\\/9ce5714a903eda4fbe61425816af944132302ef8e5d6597c6233c482cfd06865?s=96&d=mm&r=g\",\"caption\":\"Ineke\"},\"url\":\"https:\\\/\\\/www.autismejongekind.nl\\\/en\\\/author\\\/ineke\\\/\"}]}<\/script>\n<!-- \/ Yoast SEO plugin. -->","yoast_head_json":{"title":"Tv-serie 'Het A-woord': vroeg herkennen van autisme bij kind belangrijk voor prognose en behandeling - Autisme Jonge Kind","description":"Heb je na de serie het A-woord twijfels over de ontwikkeling van je kind? Wil je weten welke kenmerken bij autisme horen? Vul de gratis CoSos vragenlijst in. Je krijgt advies over de vervolgstappen die je kunt nemen.","robots":{"index":"index","follow":"follow","max-snippet":"max-snippet:-1","max-image-preview":"max-image-preview:large","max-video-preview":"max-video-preview:-1"},"canonical":"https:\/\/www.autismejongekind.nl\/en\/tv-serie-het-a-woord-vroeg-herkennen-van-autisme-bij-jong-kind-belangrijk-voor-prognose-en-behandeling\/","og_locale":"en_GB","og_type":"article","og_title":"Tv-serie 'Het A-woord': vroeg herkennen van autisme bij kind belangrijk voor prognose en behandeling - Autisme Jonge Kind","og_description":"Heb je na de serie het A-woord twijfels over de ontwikkeling van je kind? Wil je weten welke kenmerken bij autisme horen? Vul de gratis CoSos vragenlijst in. Je krijgt advies over de vervolgstappen die je kunt nemen.","og_url":"https:\/\/www.autismejongekind.nl\/en\/tv-serie-het-a-woord-vroeg-herkennen-van-autisme-bij-jong-kind-belangrijk-voor-prognose-en-behandeling\/","og_site_name":"Autisme Jonge Kind","article_published_time":"2020-09-26T21:28:08+00:00","article_modified_time":"2020-11-11T10:07:24+00:00","og_image":[{"width":1024,"height":683,"url":"https:\/\/www.autismejongekind.nl\/wp-content\/uploads\/2020\/09\/Het-A-Woord.jpg","type":"image\/jpeg"}],"author":"Ineke","twitter_card":"summary_large_image","twitter_misc":{"Written by":"Ineke","Estimated reading time":"4 minutes"},"schema":{"@context":"https:\/\/schema.org","@graph":[{"@type":"Article","@id":"https:\/\/www.autismejongekind.nl\/tv-serie-het-a-woord-vroeg-herkennen-van-autisme-bij-jong-kind-belangrijk-voor-prognose-en-behandeling\/#article","isPartOf":{"@id":"https:\/\/www.autismejongekind.nl\/tv-serie-het-a-woord-vroeg-herkennen-van-autisme-bij-jong-kind-belangrijk-voor-prognose-en-behandeling\/"},"author":{"name":"Ineke","@id":"https:\/\/www.autismejongekind.nl\/#\/schema\/person\/94f8ac87026e1eef5a4c751ef80aaf66"},"headline":"Tv-serie &#8216;Het A-woord&#8217;: vroeg herkennen van autisme bij kind belangrijk voor prognose en behandeling","datePublished":"2020-09-26T21:28:08+00:00","dateModified":"2020-11-11T10:07:24+00:00","mainEntityOfPage":{"@id":"https:\/\/www.autismejongekind.nl\/tv-serie-het-a-woord-vroeg-herkennen-van-autisme-bij-jong-kind-belangrijk-voor-prognose-en-behandeling\/"},"wordCount":885,"commentCount":0,"image":{"@id":"https:\/\/www.autismejongekind.nl\/tv-serie-het-a-woord-vroeg-herkennen-van-autisme-bij-jong-kind-belangrijk-voor-prognose-en-behandeling\/#primaryimage"},"thumbnailUrl":"https:\/\/www.autismejongekind.nl\/wp-content\/uploads\/2020\/09\/Het-A-Woord.jpg","articleSection":["Voor ouders"],"inLanguage":"en-GB","potentialAction":[{"@type":"CommentAction","name":"Comment","target":["https:\/\/www.autismejongekind.nl\/tv-serie-het-a-woord-vroeg-herkennen-van-autisme-bij-jong-kind-belangrijk-voor-prognose-en-behandeling\/#respond"]}]},{"@type":"WebPage","@id":"https:\/\/www.autismejongekind.nl\/tv-serie-het-a-woord-vroeg-herkennen-van-autisme-bij-jong-kind-belangrijk-voor-prognose-en-behandeling\/","url":"https:\/\/www.autismejongekind.nl\/tv-serie-het-a-woord-vroeg-herkennen-van-autisme-bij-jong-kind-belangrijk-voor-prognose-en-behandeling\/","name":"Tv-serie 'Het A-woord': vroeg herkennen van autisme bij kind belangrijk voor prognose en behandeling - Autisme Jonge Kind","isPartOf":{"@id":"https:\/\/www.autismejongekind.nl\/#website"},"primaryImageOfPage":{"@id":"https:\/\/www.autismejongekind.nl\/tv-serie-het-a-woord-vroeg-herkennen-van-autisme-bij-jong-kind-belangrijk-voor-prognose-en-behandeling\/#primaryimage"},"image":{"@id":"https:\/\/www.autismejongekind.nl\/tv-serie-het-a-woord-vroeg-herkennen-van-autisme-bij-jong-kind-belangrijk-voor-prognose-en-behandeling\/#primaryimage"},"thumbnailUrl":"https:\/\/www.autismejongekind.nl\/wp-content\/uploads\/2020\/09\/Het-A-Woord.jpg","datePublished":"2020-09-26T21:28:08+00:00","dateModified":"2020-11-11T10:07:24+00:00","author":{"@id":"https:\/\/www.autismejongekind.nl\/#\/schema\/person\/94f8ac87026e1eef5a4c751ef80aaf66"},"description":"Heb je na de serie het A-woord twijfels over de ontwikkeling van je kind? Wil je weten welke kenmerken bij autisme horen? Vul de gratis CoSos vragenlijst in. Je krijgt advies over de vervolgstappen die je kunt nemen.","breadcrumb":{"@id":"https:\/\/www.autismejongekind.nl\/tv-serie-het-a-woord-vroeg-herkennen-van-autisme-bij-jong-kind-belangrijk-voor-prognose-en-behandeling\/#breadcrumb"},"inLanguage":"en-GB","potentialAction":[{"@type":"ReadAction","target":["https:\/\/www.autismejongekind.nl\/tv-serie-het-a-woord-vroeg-herkennen-van-autisme-bij-jong-kind-belangrijk-voor-prognose-en-behandeling\/"]}]},{"@type":"ImageObject","inLanguage":"en-GB","@id":"https:\/\/www.autismejongekind.nl\/tv-serie-het-a-woord-vroeg-herkennen-van-autisme-bij-jong-kind-belangrijk-voor-prognose-en-behandeling\/#primaryimage","url":"https:\/\/www.autismejongekind.nl\/wp-content\/uploads\/2020\/09\/Het-A-Woord.jpg","contentUrl":"https:\/\/www.autismejongekind.nl\/wp-content\/uploads\/2020\/09\/Het-A-Woord.jpg","width":1024,"height":683},{"@type":"BreadcrumbList","@id":"https:\/\/www.autismejongekind.nl\/tv-serie-het-a-woord-vroeg-herkennen-van-autisme-bij-jong-kind-belangrijk-voor-prognose-en-behandeling\/#breadcrumb","itemListElement":[{"@type":"ListItem","position":1,"name":"Home","item":"https:\/\/www.autismejongekind.nl\/"},{"@type":"ListItem","position":2,"name":"Tv-serie &#8216;Het A-woord&#8217;: vroeg herkennen van autisme bij kind belangrijk voor prognose en behandeling"}]},{"@type":"WebSite","@id":"https:\/\/www.autismejongekind.nl\/#website","url":"https:\/\/www.autismejongekind.nl\/","name":"Autism Young Child","description":"","potentialAction":[{"@type":"SearchAction","target":{"@type":"EntryPoint","urlTemplate":"https:\/\/www.autismejongekind.nl\/?s={search_term_string}"},"query-input":{"@type":"PropertyValueSpecification","valueRequired":true,"valueName":"search_term_string"}}],"inLanguage":"en-GB"},{"@type":"Person","@id":"https:\/\/www.autismejongekind.nl\/#\/schema\/person\/94f8ac87026e1eef5a4c751ef80aaf66","name":"Ineke","image":{"@type":"ImageObject","inLanguage":"en-GB","@id":"https:\/\/secure.gravatar.com\/avatar\/9ce5714a903eda4fbe61425816af944132302ef8e5d6597c6233c482cfd06865?s=96&d=mm&r=g","url":"https:\/\/secure.gravatar.com\/avatar\/9ce5714a903eda4fbe61425816af944132302ef8e5d6597c6233c482cfd06865?s=96&d=mm&r=g","contentUrl":"https:\/\/secure.gravatar.com\/avatar\/9ce5714a903eda4fbe61425816af944132302ef8e5d6597c6233c482cfd06865?s=96&d=mm&r=g","caption":"Ineke"},"url":"https:\/\/www.autismejongekind.nl\/en\/author\/ineke\/"}]}},"_links":{"self":[{"href":"https:\/\/www.autismejongekind.nl\/en\/wp-json\/wp\/v2\/posts\/3017","targetHints":{"allow":["GET"]}}],"collection":[{"href":"https:\/\/www.autismejongekind.nl\/en\/wp-json\/wp\/v2\/posts"}],"about":[{"href":"https:\/\/www.autismejongekind.nl\/en\/wp-json\/wp\/v2\/types\/post"}],"author":[{"embeddable":true,"href":"https:\/\/www.autismejongekind.nl\/en\/wp-json\/wp\/v2\/users\/27"}],"replies":[{"embeddable":true,"href":"https:\/\/www.autismejongekind.nl\/en\/wp-json\/wp\/v2\/comments?post=3017"}],"version-history":[{"count":22,"href":"https:\/\/www.autismejongekind.nl\/en\/wp-json\/wp\/v2\/posts\/3017\/revisions"}],"predecessor-version":[{"id":3193,"href":"https:\/\/www.autismejongekind.nl\/en\/wp-json\/wp\/v2\/posts\/3017\/revisions\/3193"}],"wp:featuredmedia":[{"embeddable":true,"href":"https:\/\/www.autismejongekind.nl\/en\/wp-json\/wp\/v2\/media\/3040"}],"wp:attachment":[{"href":"https:\/\/www.autismejongekind.nl\/en\/wp-json\/wp\/v2\/media?parent=3017"}],"wp:term":[{"taxonomy":"post_tag","embeddable":true,"href":"https:\/\/www.autismejongekind.nl\/en\/wp-json\/wp\/v2\/tags?post=3017"}],"curies":[{"name":"wp","href":"https:\/\/api.w.org\/{rel}","templated":true}]}}